{"id":311,"date":"2020-08-28T01:24:27","date_gmt":"2020-08-28T01:24:27","guid":{"rendered":"https:\/\/oftalmologia.salasalud.com.ar\/?p=311"},"modified":"2020-08-28T13:51:40","modified_gmt":"2020-08-28T13:51:40","slug":"los-miedos-a-la-cirugia-ocular","status":"publish","type":"post","link":"https:\/\/oftalmologia.salasalud.com.ar\/index.php\/2020\/08\/28\/los-miedos-a-la-cirugia-ocular\/","title":{"rendered":"Los miedos a la cirug\u00eda ocular: Testimonios&#8230;"},"content":{"rendered":"\n<p>Todos conocemos la extensa bater\u00eda de incomodidades que generan los ojos con la visi\u00f3n disminuida, y el consecuente impacto, en mayor o menor medida, en nuestra vida diaria.<br>La cirug\u00eda corrige y soluciona, de forma efectiva, el problema de visi\u00f3n, y la constante dependencia de los lentes o de otras personas.<\/p>\n\n\n\n<p>\u201cPude volver a hacer actividades que hac\u00eda muchos a\u00f1os no realizaba a causa de mi escasa visi\u00f3n,como por ejemplo, zurcir y trabajar en la costura, ver televisi\u00f3n sin el uso de anteojos\u201d<br>\u201cEstoy m\u00e1s segura al caminar y por lo tanto se me despertaron las ganas de hacer diversas actividades que pensaba no poder realizarlas nuevamente\u201d.<br>\u201cMe siento m\u00e1s joven y sumamente feliz de haber recuperado en un alto porcentaje mi visi\u00f3n\u201d.<\/p>\n\n\n\n<p>La Sra. Rogelia, vecina del barrio Villa de los Industriales, se oper\u00f3 ambos ojos de cataratas a principio del a\u00f1o 2015 en nuestra Sala luego de esperar mucho tiempo para poder ser intervenida a trav\u00e9s de PAMI.<\/p>\n\n\n\n<p><em><strong>\u201cOperarme la vista me cambi\u00f3 la vida\u201d<\/strong><\/em><\/p>\n\n\n\n<p><br><strong><em>\u201cSiempre dec\u00eda que prefer\u00eda operarme del coraz\u00f3n antes que de la vista, pero en realidad fue el doctor quien me transmiti\u00f3 la confianza necesaria para tomar la decisi\u00f3n\u201d.<\/em><\/strong><br><\/p>\n\n\n\n<p><strong><em>\u201cM\u00e1s all\u00e1 de los temores previos, y aunque parezca incre\u00edble, en menos de un minuto\u2026 el doc me devolvi\u00f3 la vista\u201d<\/em><\/strong><\/p>\n\n\n\n<p><br><em><strong>\u201cIndudablemente es de vital importancia el lugar y el profesional al que uno acude, que no solo debe ser id\u00f3neo sino tambi\u00e9n debe transmitirnos la seguridad indispensable para poder afrontar nuestras dudas.\u201d<\/strong><\/em><\/p>\n\n\n\n<p><br><em><strong>\u201cHasta renov\u00e9 mi licencia de conducir, y ya no tengo que depender de los anteojos y de las inseguridades que me generaba conducir con mi vista disminuida.\u201d<\/strong><\/em><\/p>\n\n\n\n<p>Testimonios como estos, a nosotros como equipo, nos llenan de felicidad, nos enorgullecen y nos impulsan a seguir trabajando con mayor esfuerzo y dedicaci\u00f3n en lo que hacemos.<\/p>\n\n\n\n<p><strong><em>Dr. Eduardo Albesi, Oftalm\u00f3logo Cirujano<\/em><\/strong><\/p>\n","protected":false},"excerpt":{"rendered":"<p>Todos conocemos la extensa bater\u00eda de incomodidades que generan los ojos con la visi\u00f3n disminuida, y el consecuente impacto, en [&hellip;]<\/p>\n","protected":false},"author":1,"featured_media":316,"comment_status":"closed","ping_status":"closed","sticky":false,"template":"","format":"standard","meta":{"site-sidebar-layout":"default","site-content-layout":"","ast-site-content-layout":"default","site-content-style":"default","site-sidebar-style":"default","ast-global-header-display":"","ast-banner-title-visibility":"","ast-main-header-display":"","ast-hfb-above-header-display":"","ast-hfb-below-header-display":"","ast-hfb-mobile-header-display":"","site-post-title":"","ast-breadcrumbs-content":"","ast-featured-img":"","footer-sml-layout":"","ast-disable-related-posts":"","theme-transparent-header-meta":"","adv-header-id-meta":"","stick-header-meta":"","header-above-stick-meta":"","header-main-stick-meta":"","header-below-stick-meta":"","astra-migrate-meta-layouts":"default","ast-page-background-enabled":"default","ast-page-background-meta":{"desktop":{"background-color":"var(--ast-global-color-5)","background-image":"","background-repeat":"repeat","background-position":"center center","background-size":"auto","background-attachment":"scroll","background-type":"","background-media":"","overlay-type":"","overlay-color":"","overlay-opacity":"","overlay-gradient":""},"tablet":{"background-color":"","background-image":"","background-repeat":"repeat","background-position":"center center","background-size":"auto","background-attachment":"scroll","background-type":"","background-media":"","overlay-type":"","overlay-color":"","overlay-opacity":"","overlay-gradient":""},"mobile":{"background-color":"","background-image":"","background-repeat":"repeat","background-position":"center center","background-size":"auto","background-attachment":"scroll","background-type":"","background-media":"","overlay-type":"","overlay-color":"","overlay-opacity":"","overlay-gradient":""}},"ast-content-background-meta":{"desktop":{"background-color":"var(--ast-global-color-4)","background-image":"","background-repeat":"repeat","background-position":"center center","background-size":"auto","background-attachment":"scroll","background-type":"","background-media":"","overlay-type":"","overlay-color":"","overlay-opacity":"","overlay-gradient":""},"tablet":{"background-color":"var(--ast-global-color-4)","background-image":"","background-repeat":"repeat","background-position":"center center","background-size":"auto","background-attachment":"scroll","background-type":"","background-media":"","overlay-type":"","overlay-color":"","overlay-opacity":"","overlay-gradient":""},"mobile":{"background-color":"var(--ast-global-color-4)","background-image":"","background-repeat":"repeat","background-position":"center center","background-size":"auto","background-attachment":"scroll","background-type":"","background-media":"","overlay-type":"","overlay-color":"","overlay-opacity":"","overlay-gradient":""}},"footnotes":""},"categories":[2],"tags":[],"class_list":["post-311","post","type-post","status-publish","format-standard","has-post-thumbnail","hentry","category-articulos"],"_links":{"self":[{"href":"https:\/\/oftalmologia.salasalud.com.ar\/index.php\/wp-json\/wp\/v2\/posts\/311","targetHints":{"allow":["GET"]}}],"collection":[{"href":"https:\/\/oftalmologia.salasalud.com.ar\/index.php\/wp-json\/wp\/v2\/posts"}],"about":[{"href":"https:\/\/oftalmologia.salasalud.com.ar\/index.php\/wp-json\/wp\/v2\/types\/post"}],"author":[{"embeddable":true,"href":"https:\/\/oftalmologia.salasalud.com.ar\/index.php\/wp-json\/wp\/v2\/users\/1"}],"replies":[{"embeddable":true,"href":"https:\/\/oftalmologia.salasalud.com.ar\/index.php\/wp-json\/wp\/v2\/comments?post=311"}],"version-history":[{"count":5,"href":"https:\/\/oftalmologia.salasalud.com.ar\/index.php\/wp-json\/wp\/v2\/posts\/311\/revisions"}],"predecessor-version":[{"id":334,"href":"https:\/\/oftalmologia.salasalud.com.ar\/index.php\/wp-json\/wp\/v2\/posts\/311\/revisions\/334"}],"wp:featuredmedia":[{"embeddable":true,"href":"https:\/\/oftalmologia.salasalud.com.ar\/index.php\/wp-json\/wp\/v2\/media\/316"}],"wp:attachment":[{"href":"https:\/\/oftalmologia.salasalud.com.ar\/index.php\/wp-json\/wp\/v2\/media?parent=311"}],"wp:term":[{"taxonomy":"category","embeddable":true,"href":"https:\/\/oftalmologia.salasalud.com.ar\/index.php\/wp-json\/wp\/v2\/categories?post=311"},{"taxonomy":"post_tag","embeddable":true,"href":"https:\/\/oftalmologia.salasalud.com.ar\/index.php\/wp-json\/wp\/v2\/tags?post=311"}],"curies":[{"name":"wp","href":"https:\/\/api.w.org\/{rel}","templated":true}]}}